{"id":194,"date":"2016-10-31T14:48:43","date_gmt":"2016-10-31T13:48:43","guid":{"rendered":"http:\/\/mjdc.be\/upsf\/?p=194"},"modified":"2016-10-31T14:48:43","modified_gmt":"2016-10-31T13:48:43","slug":"retraite-de-confirmation-2016","status":"publish","type":"post","link":"http:\/\/mjdc.be\/upsf\/2016\/10\/31\/retraite-de-confirmation-2016\/","title":{"rendered":"Retraite de confirmation 2016"},"content":{"rendered":"<p>\u00c0 Tilf, lors du week-end des 29 et 30 octobre 2106, 18 enfants de l&rsquo;Unit\u00e9 Pastorale de la Sainte Famille se pr\u00e9parent \u00e0 recevoir le sacrement de r\u00e9conciliation. Cette retraite est anim\u00e9e par l&rsquo;abb\u00e9 Jacques Vandenbosch assist\u00e9 de Gis\u00e8le Renard et Annette Br\u00e9vers. La confirmation sera c\u00e9l\u00e9br\u00e9e le dimanche 13 novembre \u00e0 Harz\u00e9. L&rsquo;\u00e9v\u00eaque de Li\u00e8ge sera repr\u00e9sent\u00e9 par l&rsquo;abb\u00e9 Baudouin Charpentier qui a tenu \u00e0 rencontrer les enfants lors de la retraite de pr\u00e9paration.<\/p>\n<p>Voici quelques photos de cette retraite.<\/p>\n<div id=\"attachment_197\" style=\"width: 310px\" class=\"wp-caption alignnone\"><img aria-describedby=\"caption-attachment-197\" loading=\"lazy\" class=\"size-medium wp-image-197\" src=\"http:\/\/mjdc.be\/upsf\/wp-content\/uploads\/2016\/10\/DSC_0004-1-300x199.jpg\" alt=\"Le repas avec Baudouin Charpentier\" width=\"300\" height=\"199\" srcset=\"http:\/\/mjdc.be\/upsf\/wp-content\/uploads\/2016\/10\/DSC_0004-1-300x199.jpg 300w, http:\/\/mjdc.be\/upsf\/wp-content\/uploads\/2016\/10\/DSC_0004-1-768x511.jpg 768w, http:\/\/mjdc.be\/upsf\/wp-content\/uploads\/2016\/10\/DSC_0004-1-1024x681.jpg 1024w\" sizes=\"(max-width: 300px) 100vw, 300px\" \/><p id=\"caption-attachment-197\" class=\"wp-caption-text\">Le repas avec Baudouin Charpentier<\/p><\/div>\n<div id=\"attachment_199\" style=\"width: 310px\" class=\"wp-caption alignnone\"><img aria-describedby=\"caption-attachment-199\" loading=\"lazy\" class=\"size-medium wp-image-199\" src=\"http:\/\/mjdc.be\/upsf\/wp-content\/uploads\/2016\/10\/DSC_0039-300x199.jpg\" alt=\"Un groupe au travail\" width=\"300\" height=\"199\" srcset=\"http:\/\/mjdc.be\/upsf\/wp-content\/uploads\/2016\/10\/DSC_0039-300x199.jpg 300w, http:\/\/mjdc.be\/upsf\/wp-content\/uploads\/2016\/10\/DSC_0039-768x511.jpg 768w, http:\/\/mjdc.be\/upsf\/wp-content\/uploads\/2016\/10\/DSC_0039-1024x681.jpg 1024w\" sizes=\"(max-width: 300px) 100vw, 300px\" \/><p id=\"caption-attachment-199\" class=\"wp-caption-text\">Un groupe au travail<\/p><\/div>\n<div id=\"attachment_203\" style=\"width: 310px\" class=\"wp-caption alignnone\"><img aria-describedby=\"caption-attachment-203\" loading=\"lazy\" class=\"size-medium wp-image-203\" src=\"http:\/\/mjdc.be\/upsf\/wp-content\/uploads\/2016\/10\/DSC_0038-300x199.jpg\" alt=\"Appliqu\u00e9s et souriants\" width=\"300\" height=\"199\" srcset=\"http:\/\/mjdc.be\/upsf\/wp-content\/uploads\/2016\/10\/DSC_0038-300x199.jpg 300w, http:\/\/mjdc.be\/upsf\/wp-content\/uploads\/2016\/10\/DSC_0038-768x511.jpg 768w, http:\/\/mjdc.be\/upsf\/wp-content\/uploads\/2016\/10\/DSC_0038-1024x681.jpg 1024w\" sizes=\"(max-width: 300px) 100vw, 300px\" \/><p id=\"caption-attachment-203\" class=\"wp-caption-text\">Appliqu\u00e9s et souriants<\/p><\/div>\n<div id=\"attachment_200\" style=\"width: 310px\" class=\"wp-caption alignnone\"><img aria-describedby=\"caption-attachment-200\" loading=\"lazy\" class=\"size-medium wp-image-200\" src=\"http:\/\/mjdc.be\/upsf\/wp-content\/uploads\/2016\/10\/DSC_0048-300x199.jpg\" alt=\"Quelques enfants du groupe avec Annette et Gis\u00e8le\" width=\"300\" height=\"199\" srcset=\"http:\/\/mjdc.be\/upsf\/wp-content\/uploads\/2016\/10\/DSC_0048-300x199.jpg 300w, http:\/\/mjdc.be\/upsf\/wp-content\/uploads\/2016\/10\/DSC_0048-768x511.jpg 768w, http:\/\/mjdc.be\/upsf\/wp-content\/uploads\/2016\/10\/DSC_0048-1024x681.jpg 1024w\" sizes=\"(max-width: 300px) 100vw, 300px\" \/><p id=\"caption-attachment-200\" class=\"wp-caption-text\">Quelques enfants du groupe avec Annette et Gis\u00e8le<\/p><\/div>\n<div id=\"attachment_198\" style=\"width: 310px\" class=\"wp-caption alignnone\"><img aria-describedby=\"caption-attachment-198\" loading=\"lazy\" class=\"size-medium wp-image-198\" src=\"http:\/\/mjdc.be\/upsf\/wp-content\/uploads\/2016\/10\/DSC_0028-300x199.jpg\" alt=\"Chantal au fourneau\" width=\"300\" height=\"199\" srcset=\"http:\/\/mjdc.be\/upsf\/wp-content\/uploads\/2016\/10\/DSC_0028-300x199.jpg 300w, http:\/\/mjdc.be\/upsf\/wp-content\/uploads\/2016\/10\/DSC_0028-768x511.jpg 768w, http:\/\/mjdc.be\/upsf\/wp-content\/uploads\/2016\/10\/DSC_0028-1024x681.jpg 1024w\" sizes=\"(max-width: 300px) 100vw, 300px\" \/><p id=\"caption-attachment-198\" class=\"wp-caption-text\">Chantal au fourneau<\/p><\/div>\n<div id=\"attachment_201\" style=\"width: 310px\" class=\"wp-caption alignnone\"><img aria-describedby=\"caption-attachment-201\" loading=\"lazy\" class=\"size-medium wp-image-201\" src=\"http:\/\/mjdc.be\/upsf\/wp-content\/uploads\/2016\/10\/DSC_0050-300x199.jpg\" alt=\"Les fruits de l'Esprit\" width=\"300\" height=\"199\" srcset=\"http:\/\/mjdc.be\/upsf\/wp-content\/uploads\/2016\/10\/DSC_0050-300x199.jpg 300w, http:\/\/mjdc.be\/upsf\/wp-content\/uploads\/2016\/10\/DSC_0050-768x511.jpg 768w, http:\/\/mjdc.be\/upsf\/wp-content\/uploads\/2016\/10\/DSC_0050-1024x681.jpg 1024w\" sizes=\"(max-width: 300px) 100vw, 300px\" \/><p id=\"caption-attachment-201\" class=\"wp-caption-text\">Les fruits de l&rsquo;Esprit<\/p><\/div>\n<p>&nbsp;<\/p>\n","protected":false},"excerpt":{"rendered":"<p>\u00c0 Tilf, lors du week-end des 29 et 30 octobre 2106, 18 enfants de l&rsquo;Unit\u00e9 Pastorale de la Sainte Famille se pr\u00e9parent \u00e0 recevoir le sacrement de r\u00e9conciliation. Cette retraite est anim\u00e9e par l&rsquo;abb\u00e9&#46;&#46;&#46;<\/p>\n","protected":false},"author":1,"featured_media":0,"comment_status":"closed","ping_status":"open","sticky":false,"template":"","format":"standard","meta":[],"categories":[1],"tags":[],"_links":{"self":[{"href":"http:\/\/mjdc.be\/upsf\/wp-json\/wp\/v2\/posts\/194"}],"collection":[{"href":"http:\/\/mjdc.be\/upsf\/wp-json\/wp\/v2\/posts"}],"about":[{"href":"http:\/\/mjdc.be\/upsf\/wp-json\/wp\/v2\/types\/post"}],"author":[{"embeddable":true,"href":"http:\/\/mjdc.be\/upsf\/wp-json\/wp\/v2\/users\/1"}],"replies":[{"embeddable":true,"href":"http:\/\/mjdc.be\/upsf\/wp-json\/wp\/v2\/comments?post=194"}],"version-history":[{"count":2,"href":"http:\/\/mjdc.be\/upsf\/wp-json\/wp\/v2\/posts\/194\/revisions"}],"predecessor-version":[{"id":205,"href":"http:\/\/mjdc.be\/upsf\/wp-json\/wp\/v2\/posts\/194\/revisions\/205"}],"wp:attachment":[{"href":"http:\/\/mjdc.be\/upsf\/wp-json\/wp\/v2\/media?parent=194"}],"wp:term":[{"taxonomy":"category","embeddable":true,"href":"http:\/\/mjdc.be\/upsf\/wp-json\/wp\/v2\/categories?post=194"},{"taxonomy":"post_tag","embeddable":true,"href":"http:\/\/mjdc.be\/upsf\/wp-json\/wp\/v2\/tags?post=194"}],"curies":[{"name":"wp","href":"https:\/\/api.w.org\/{rel}","templated":true}]}}