{"id":232,"date":"2016-11-20T18:40:31","date_gmt":"2016-11-20T17:40:31","guid":{"rendered":"http:\/\/mjdc.be\/upsf\/?p=232"},"modified":"2016-11-20T19:24:29","modified_gmt":"2016-11-20T18:24:29","slug":"relance-de-la-chorale-en-plein-choeur","status":"publish","type":"post","link":"http:\/\/mjdc.be\/upsf\/2016\/11\/20\/relance-de-la-chorale-en-plein-choeur\/","title":{"rendered":"Relance de la chorale \u00ab\u00a0En Plein Choeur\u00a0\u00bb"},"content":{"rendered":"<p>Le dimanche 6 novembre, plusieurs enfants ont rejoint le presbyt\u00e8re de Ferri\u00e8res pour la relance de la chorale \u00ab\u00a0En Plein Choeur\u00a0\u00bb. Avec Myriam Hautregard comme chef de choeur, Bernadette Hamtiaux \u00e0 la guitare et Chantal Jamart au violoncelle, notre cur\u00e9, l&rsquo;abb\u00e9 Aimable est ravi d&rsquo;accueillir tous ces enfants.<\/p>\n<p><img loading=\"lazy\" class=\"size-large wp-image-233 alignleft\" src=\"http:\/\/mjdc.be\/upsf\/wp-content\/uploads\/2016\/11\/IMG-20161110-WA0000-1024x576.jpg\" alt=\"img-20161110-wa0000\" width=\"1024\" height=\"576\" \/><\/p>\n","protected":false},"excerpt":{"rendered":"<p>Le dimanche 6 novembre, plusieurs enfants ont rejoint le presbyt\u00e8re de Ferri\u00e8res pour la relance de la chorale \u00ab\u00a0En Plein Choeur\u00a0\u00bb. Avec Myriam Hautregard comme chef de choeur, Bernadette Hamtiaux \u00e0 la guitare et&#46;&#46;&#46;<\/p>\n","protected":false},"author":1,"featured_media":241,"comment_status":"closed","ping_status":"open","sticky":false,"template":"","format":"standard","meta":[],"categories":[1],"tags":[],"_links":{"self":[{"href":"http:\/\/mjdc.be\/upsf\/wp-json\/wp\/v2\/posts\/232"}],"collection":[{"href":"http:\/\/mjdc.be\/upsf\/wp-json\/wp\/v2\/posts"}],"about":[{"href":"http:\/\/mjdc.be\/upsf\/wp-json\/wp\/v2\/types\/post"}],"author":[{"embeddable":true,"href":"http:\/\/mjdc.be\/upsf\/wp-json\/wp\/v2\/users\/1"}],"replies":[{"embeddable":true,"href":"http:\/\/mjdc.be\/upsf\/wp-json\/wp\/v2\/comments?post=232"}],"version-history":[{"count":3,"href":"http:\/\/mjdc.be\/upsf\/wp-json\/wp\/v2\/posts\/232\/revisions"}],"predecessor-version":[{"id":238,"href":"http:\/\/mjdc.be\/upsf\/wp-json\/wp\/v2\/posts\/232\/revisions\/238"}],"wp:featuredmedia":[{"embeddable":true,"href":"http:\/\/mjdc.be\/upsf\/wp-json\/wp\/v2\/media\/241"}],"wp:attachment":[{"href":"http:\/\/mjdc.be\/upsf\/wp-json\/wp\/v2\/media?parent=232"}],"wp:term":[{"taxonomy":"category","embeddable":true,"href":"http:\/\/mjdc.be\/upsf\/wp-json\/wp\/v2\/categories?post=232"},{"taxonomy":"post_tag","embeddable":true,"href":"http:\/\/mjdc.be\/upsf\/wp-json\/wp\/v2\/tags?post=232"}],"curies":[{"name":"wp","href":"https:\/\/api.w.org\/{rel}","templated":true}]}}