{"id":369,"date":"2017-12-24T14:04:25","date_gmt":"2017-12-24T13:04:25","guid":{"rendered":"http:\/\/mjdc.be\/upsf\/?p=369"},"modified":"2017-12-24T14:04:25","modified_gmt":"2017-12-24T13:04:25","slug":"editorial-b-n-decembre-2017","status":"publish","type":"post","link":"http:\/\/mjdc.be\/upsf\/2017\/12\/24\/editorial-b-n-decembre-2017\/","title":{"rendered":"\u00c9ditorial B.N. (d\u00e9cembre 2017)"},"content":{"rendered":"<h1>Avent : chemin d\u2019Esp\u00e9rance vers No\u00ebl\u2026<\/h1>\n<p>Avent, du verbe latin advenire (arriver) et adventus (l\u2019arriv\u00e9e, l\u2019av\u00e8nement) signifie pour nous, l\u2019av\u00e8nement de la naissance de J\u00e9sus-Christ. L\u2019Avent souligne le triple av\u00e8nement du Christ : sa naissance historique \u00e0 Bethl\u00e9em, sa venue spirituelle dans le coeur de chacun de nous, et son retour glorieux \u00e0 la fin des temps. La liturgie insiste sur cette triple r\u00e9f\u00e9rence au pass\u00e9, au pr\u00e9sent et \u00e0 l\u2019avenir pour mieux pr\u00e9parer et f\u00eater No\u00ebl.<\/p>\n<p>L\u2019Avent est un temps de conversion, d\u2019attente et d\u2019esp\u00e9rance. Comment vas-tu le vivre ? Dans notre Unit\u00e9 Pastorale nous allons vivre ce moment en trois dimensions : personnelle \u2014 Tout homme est une histoire sacr\u00e9e. Sa foi et sa rencontre avec le Christ doit se vivre aussi et n\u00e9cessairement au niveau personnel \u2014, communautaire \u2014 La liturgie et quelques activit\u00e9s nous aideront \u00e0 promouvoir de plus en plus la dimension d\u2019unit\u00e9 et de communaut\u00e9\u2026 \u2014 et missionnaire.<\/p>\n<p>Celle-ci sera marqu\u00e9e par un regard actif et r\u00e9el sur l\u2019esp\u00e9rance dans notre vie et dans la vie des autres, sp\u00e9cialement ceux qui vivent dans la pauvret\u00e9. Notre \u00e9v\u00eaque nous y encourage : \u00ab On ne choisit pas de vivre dans la pr\u00e9carit\u00e9 ou la mis\u00e8re. On peut, par contre, choisir de se rendre solidaire des 1,5 million de femmes et d\u2019hommes qui vivent sous le seuil de pauvret\u00e9\u2026 \u00bb<\/p>\n<p>Entrons dans l\u2019esp\u00e9rance en allumant concr\u00e8tement les quatre bougies de l\u2019Avent, dans la Foi, l\u2019Amour, l\u2019Esp\u00e9rance. Nous sommes tristes que l\u2019\u00c9glise de Ville soit ferm\u00e9e provisoirement, mais contents de l\u2019\u00c9glise de Ferri\u00e8res r\u00e9-ouverte\u2026 ses cloches retentissent encore ! Avec \u00ab Vivre Ensemble \u00bb, entrons dans l\u2019esp\u00e9rance en devenant solidairement et fraternellement des vrais portiers, passeurs, \u00e9claireurs et r\u00e9v\u00e9lateurs\u2026 sur le chemin vers No\u00ebl.<\/p>\n<p style=\"text-align: right;\">Votre Aimable<\/p>\n","protected":false},"excerpt":{"rendered":"<p>Avent : chemin d\u2019Esp\u00e9rance vers No\u00ebl\u2026 Avent, du verbe latin advenire (arriver) et adventus (l\u2019arriv\u00e9e, l\u2019av\u00e8nement) signifie pour nous, l\u2019av\u00e8nement de la naissance de J\u00e9sus-Christ. L\u2019Avent souligne le triple av\u00e8nement du Christ : sa&#46;&#46;&#46;<\/p>\n","protected":false},"author":1,"featured_media":0,"comment_status":"closed","ping_status":"open","sticky":false,"template":"","format":"standard","meta":[],"categories":[1],"tags":[],"_links":{"self":[{"href":"http:\/\/mjdc.be\/upsf\/wp-json\/wp\/v2\/posts\/369"}],"collection":[{"href":"http:\/\/mjdc.be\/upsf\/wp-json\/wp\/v2\/posts"}],"about":[{"href":"http:\/\/mjdc.be\/upsf\/wp-json\/wp\/v2\/types\/post"}],"author":[{"embeddable":true,"href":"http:\/\/mjdc.be\/upsf\/wp-json\/wp\/v2\/users\/1"}],"replies":[{"embeddable":true,"href":"http:\/\/mjdc.be\/upsf\/wp-json\/wp\/v2\/comments?post=369"}],"version-history":[{"count":1,"href":"http:\/\/mjdc.be\/upsf\/wp-json\/wp\/v2\/posts\/369\/revisions"}],"predecessor-version":[{"id":370,"href":"http:\/\/mjdc.be\/upsf\/wp-json\/wp\/v2\/posts\/369\/revisions\/370"}],"wp:attachment":[{"href":"http:\/\/mjdc.be\/upsf\/wp-json\/wp\/v2\/media?parent=369"}],"wp:term":[{"taxonomy":"category","embeddable":true,"href":"http:\/\/mjdc.be\/upsf\/wp-json\/wp\/v2\/categories?post=369"},{"taxonomy":"post_tag","embeddable":true,"href":"http:\/\/mjdc.be\/upsf\/wp-json\/wp\/v2\/tags?post=369"}],"curies":[{"name":"wp","href":"https:\/\/api.w.org\/{rel}","templated":true}]}}