{"id":433,"date":"2018-01-14T20:02:31","date_gmt":"2018-01-14T19:02:31","guid":{"rendered":"http:\/\/mjdc.be\/upsf\/?p=433"},"modified":"2018-01-14T20:02:31","modified_gmt":"2018-01-14T19:02:31","slug":"barbara-andre-et-saint-vincent","status":"publish","type":"post","link":"http:\/\/mjdc.be\/upsf\/2018\/01\/14\/barbara-andre-et-saint-vincent\/","title":{"rendered":"Barbara, Andr\u00e9 et saint Vincent&#8230;"},"content":{"rendered":"<p><img loading=\"lazy\" class=\"alignnone size-large wp-image-438\" src=\"http:\/\/mjdc.be\/upsf\/wp-content\/uploads\/2018\/01\/20180114_154703-1024x576.jpg\" alt=\"\" width=\"1024\" height=\"576\" srcset=\"http:\/\/mjdc.be\/upsf\/wp-content\/uploads\/2018\/01\/20180114_154703-1024x576.jpg 1024w, http:\/\/mjdc.be\/upsf\/wp-content\/uploads\/2018\/01\/20180114_154703-300x169.jpg 300w, http:\/\/mjdc.be\/upsf\/wp-content\/uploads\/2018\/01\/20180114_154703-768x432.jpg 768w\" sizes=\"(max-width: 1024px) 100vw, 1024px\" \/>Barbara Raskin et Andr\u00e9 Fagnoul, membres depuis de nombreuses ann\u00e9es de l&rsquo;association locale de la Soci\u00e9t\u00e9 de Saint-Vincent-de-Paul, recevaient ce dimanche 14 janvier apr\u00e8s-midi, le groupe des jeunes qui, soit se pr\u00e9parent \u00e0 la confirmation, soit souhaitent continuer un chemin de d\u00e9couverte de la foi.<\/p>\n<p>Ils ont expliqu\u00e9 et montr\u00e9 les diff\u00e9rentes activit\u00e9s de cette association. Ils ont fait cela avec coeur et pour les jeunes comme pour leurs accompagnateurs, \u00e7a \u00e9t\u00e9 une chance de rencontrer ces deux membres, pour qui, comme c&rsquo;est certainement le cas pour tous les autres membres, le souci de l&rsquo;aide aux plus d\u00e9favoris\u00e9s et aux plus fragiles de notre soci\u00e9t\u00e9 est un vrai moteur. Merci \u00e0 eux ainsi qu&rsquo;\u00e0 tous les b\u00e9n\u00e9voles. Ils montrent que dans notre monde, m\u00eame si c&rsquo;est parfois tr\u00e8s difficile, une esp\u00e9rance d&rsquo;un monde meilleur est toujours l\u00e0, et des gens sont \u00e0 l&rsquo;oeuvre pour la rendre possible.<\/p>\n","protected":false},"excerpt":{"rendered":"<p>Barbara Raskin et Andr\u00e9 Fagnoul, membres depuis de nombreuses ann\u00e9es de l&rsquo;association locale de la Soci\u00e9t\u00e9 de Saint-Vincent-de-Paul, recevaient ce dimanche 14 janvier apr\u00e8s-midi, le groupe des jeunes qui, soit se pr\u00e9parent \u00e0 la&#46;&#46;&#46;<\/p>\n","protected":false},"author":1,"featured_media":438,"comment_status":"closed","ping_status":"open","sticky":false,"template":"","format":"standard","meta":[],"categories":[1],"tags":[],"_links":{"self":[{"href":"http:\/\/mjdc.be\/upsf\/wp-json\/wp\/v2\/posts\/433"}],"collection":[{"href":"http:\/\/mjdc.be\/upsf\/wp-json\/wp\/v2\/posts"}],"about":[{"href":"http:\/\/mjdc.be\/upsf\/wp-json\/wp\/v2\/types\/post"}],"author":[{"embeddable":true,"href":"http:\/\/mjdc.be\/upsf\/wp-json\/wp\/v2\/users\/1"}],"replies":[{"embeddable":true,"href":"http:\/\/mjdc.be\/upsf\/wp-json\/wp\/v2\/comments?post=433"}],"version-history":[{"count":2,"href":"http:\/\/mjdc.be\/upsf\/wp-json\/wp\/v2\/posts\/433\/revisions"}],"predecessor-version":[{"id":439,"href":"http:\/\/mjdc.be\/upsf\/wp-json\/wp\/v2\/posts\/433\/revisions\/439"}],"wp:featuredmedia":[{"embeddable":true,"href":"http:\/\/mjdc.be\/upsf\/wp-json\/wp\/v2\/media\/438"}],"wp:attachment":[{"href":"http:\/\/mjdc.be\/upsf\/wp-json\/wp\/v2\/media?parent=433"}],"wp:term":[{"taxonomy":"category","embeddable":true,"href":"http:\/\/mjdc.be\/upsf\/wp-json\/wp\/v2\/categories?post=433"},{"taxonomy":"post_tag","embeddable":true,"href":"http:\/\/mjdc.be\/upsf\/wp-json\/wp\/v2\/tags?post=433"}],"curies":[{"name":"wp","href":"https:\/\/api.w.org\/{rel}","templated":true}]}}