{"id":479,"date":"2018-12-26T13:04:38","date_gmt":"2018-12-26T12:04:38","guid":{"rendered":"http:\/\/mjdc.be\/upsf\/?p=479"},"modified":"2018-12-26T13:09:54","modified_gmt":"2018-12-26T12:09:54","slug":"les-voeux-de-fraternite-du-pape-francois","status":"publish","type":"post","link":"http:\/\/mjdc.be\/upsf\/2018\/12\/26\/les-voeux-de-fraternite-du-pape-francois\/","title":{"rendered":"Les v\u0153ux de fraternit\u00e9 du Pape Fran\u00e7ois"},"content":{"rendered":"\n<figure class=\"wp-block-image is-resized\"><img loading=\"lazy\" src=\"http:\/\/mjdc.be\/upsf\/wp-content\/uploads\/2018\/12\/cq5dam.thumbnail.cropped.750.422.jpeg\" alt=\"\" class=\"wp-image-480\" width=\"476\" height=\"266\"\/><\/figure>\n\n\n\n<p>Dans son message \u00ab\u00e0 la ville et au monde\u00bb, le Souverain Pontife a lanc\u00e9 un vibrant appel \u00e0 la fraternit\u00e9 entre les hommes et les peuples. Le Saint-P\u00e8re a \u00e9galement pri\u00e9 pour la Terre Sainte, la Syrie, le Y\u00e9men, la p\u00e9ninsule cor\u00e9enne, l\u2019Afrique, l\u2019Ukraine, le Venezuela et le Nicaragua.<\/p>\n\n\n\n<p><strong>Manuella Affejee- Cit\u00e9 du Vatican<\/strong><\/p>\n\n\n\n<p>\u00ab<em>Dieu est un P\u00e8re bon et nous sommes tous fr\u00e8res<\/em>\u00bb: c\u2019est cela le message universel de No\u00ebl, la \u00ab<em>v\u00e9rit\u00e9 qui est \u00e0 la base de la vision chr\u00e9tienne de l\u2019humanit\u00e9<\/em>\u00bb, a affirm\u00e9 le Pape depuis la loggia centrale de la Basilique Saint-Pierre, devant une foule nombreuse de p\u00e8lerins. Sans cette fraternit\u00e9 manifest\u00e9e et offerte par le Christ, \u00ab<em>nos efforts pour un monde plus juste s\u2019essoufflent, et m\u00eame les meilleurs projets risquent de devenir des structures sans \u00e2me<\/em>\u00bb.<\/p>\n\n\n\n<h2><strong>Dieu, fondement et force de notre fraternit\u00e9<\/strong><\/h2>\n\n\n\n<p>En ce No\u00ebl 2018, ce sont donc des v\u0153ux de fraternit\u00e9 que le Saint-P\u00e8re a choisi d\u2019adresser au monde entier, entre les personnes de chaque nation et culture, d\u2019id\u00e9es ou de religions diff\u00e9rentes. Dieu se r\u00e9v\u00e8le dans un \u00ab<em>visage humain concre<\/em>t\u00bb, celui d\u2019un petit Enfant, n\u00e9 \u00e0 une \u00e9poque et dans un lieu bien pr\u00e9cis. Par son incarnation, poursuit le Pape, \u00ab<em>le Fils de Dieu nous indique que le salut passe par l\u2019amour, l\u2019accueil, le respect de notre pauvre humanit\u00e9 que nous partageons tous dans une vari\u00e9t\u00e9 d\u2019ethnies, de langues, de cultures\u2026 mais tous en tant que fr\u00e8res en humanit\u00e9&nbsp;!<\/em>\u00bb Les diff\u00e9rences constituent une richesse, assure Fran\u00e7ois qui prend l\u2019exemple d\u2019une famille, compos\u00e9e de fr\u00e8res et s\u0153urs tous tr\u00e8s diff\u00e9rents, mais unis par \u00ab<em>un lien indissoluble<\/em>\u00bb. Ainsi en est-il de la famille humaine dont nous faisons tous partie; \u00ab<em>ici c\u2019est Dieu qui est le g\u00e9niteur, le fondement et la force de notre fraternit\u00e9<\/em>\u00bb.<\/p>\n\n\n\n<h2><strong>Dialogue entre Isra\u00e9liens et Palestiniens<\/strong><\/h2>\n\n\n\n<p>Que ces liens de fraternit\u00e9 que nous sommes appel\u00e9s \u00e0 red\u00e9couvrir en cette f\u00eate de No\u00ebl permettent \u00ab<em>aux Isra\u00e9liens et Palestiniens de reprendre le dialogue<\/em>\u00bb, a souhait\u00e9 le Pape, et \u00ab<em>d\u2019entreprendre un chemin de paix<\/em>\u00bb sur cette terre choisie, sanctifi\u00e9e par le Christ et dilac\u00e9r\u00e9e par un conflit de plus de 70 ans.<\/p>\n\n\n\n<h2><strong>Syrie et Y\u00e9men<\/strong><\/h2>\n\n\n\n<p>Que la \u00ab<em>bien-aim\u00e9e et martyris\u00e9e Syrie retrouve la fraternit\u00e9<\/em>\u00bb, apr\u00e8s tant d\u2019ann\u00e9es de guerre cruelle, a ensuite lanc\u00e9 le Saint-P\u00e8re qui appelle la communaut\u00e9 internationale \u00e0 \u0153uvrer \u00ab<em>r\u00e9solument<\/em>\u00bb pour une solution politique au conflit, \u00ab<em>\u00e0 mettre de c\u00f4t\u00e9 les divisions et int\u00e9r\u00eats partisans<\/em>\u00bb, afin que le peuple syrien , et notamment les r\u00e9fugi\u00e9s, puissent revenir chez eux et vivre en paix.<\/p>\n\n\n\n<p>Le Pape n\u2019a pas manqu\u00e9 d\u2019\u00e9voquer le Y\u00e9men et l\u2019espoir soulev\u00e9 par la tr\u00eave conclue il y a quelques jours par les bellig\u00e9rants \u00e0 Hodeida, souhaitant qu\u2019elle soulage les \u00ab<em>nombreux<\/em>&nbsp;<em>enfants et les populations&nbsp; \u00e9puis\u00e9es par la guerre et la famine<\/em>\u00bb.<\/p>\n\n\n\n<h2><strong>La pri\u00e8re du Pape pour l\u2019Afrique<\/strong><\/h2>\n\n\n\n<p>L\u2019\u00e9v\u00eaque de Rome pense \u00e0 toute l\u2019Afrique, travers\u00e9e par diverses situations de guerre et de violence, \u00e0 ces millions de r\u00e9fugi\u00e9s et de d\u00e9plac\u00e9s n\u00e9cessitant une aide humanitaire. \u00ab<em>Que le Divin Enfant, Roi de la paix, fasse taire les armes et fasse surgir une aube nouvelle de fraternit\u00e9 dans tout le continent<\/em>,&nbsp;<em>b\u00e9nissant les efforts de ceux qui \u0153uvrent pour favoriser des processus de r\u00e9conciliation au niveau politique et social<\/em>\u00bb, a pri\u00e9 Fran\u00e7ois.<\/p>\n\n\n\n<h2><strong>Le processus de r\u00e9conciliation en Cor\u00e9e<\/strong><\/h2>\n\n\n\n<p>\u00ab<em>Que No\u00ebl renforce les liens fraternels qui unissent la P\u00e9ninsule cor\u00e9enne et permette de poursuivre le cheminement de rapprochement entrepris et d\u2019arriver \u00e0 des solutions partag\u00e9es qui assurent \u00e0 tous le d\u00e9veloppement et le bien-\u00eatre<\/em>\u00bb, a poursuivi le Pape, \u00e9voquant un processus de r\u00e9conciliation qu\u2019il a encourag\u00e9 \u00e0 maintes reprises.<\/p>\n\n\n\n<h2><strong>Venezuela et Nicaragua<\/strong><\/h2>\n\n\n\n<p>Le Saint-P\u00e8re n\u2019oublie pas le continent latino-am\u00e9ricain, priant tout particuli\u00e8rement pour le Venezuela, afin qu\u2019il retrouve la \u00ab<em>concorde<\/em>\u00bb, que \u00ab<em>toutes les composantes sociales puissent travailler fraternellement en vue du d\u00e9veloppement du pays<\/em>\u00bb, au service des plus faibles et des plus vuln\u00e9rables. Fran\u00e7ois a \u00e9galement mentionn\u00e9 le \u00ab<em>cher Nicaragua<\/em>\u00bb, boulevers\u00e9 cette ann\u00e9e par un vaste mouvement de contestation sociale et politique. \u00ab<em>Que les habitants se red\u00e9couvrent fr\u00e8res, afin que ne pr\u00e9valent pas les divisions et les m\u00e9sententes<\/em>\u00bb, mais que tous s\u2019engagent en vue de la r\u00e9conciliation et de la construction du pays.<\/p>\n\n\n\n<h2><strong>Pour une paix durable en Ukraine<\/strong><\/h2>\n\n\n\n<p>Le Souverain Pontife a ensuite pri\u00e9 pour la \u00ab<em>bien-aim\u00e9e Ukraine<\/em>\u00bb, aspirant \u00e0 une paix \u00ab<em>qui tarde \u00e0 venir<\/em>\u00bb. C\u2019est uniquement gr\u00e2ce \u00e0 une paix \u00ab<em>respectueuse des droits de chaque nation<\/em>\u00bb, a-t-il pr\u00e9cis\u00e9, que le pays pourra \u00ab<em>se remettre de souffrances subies et r\u00e9tablir des conditions de vie dignes pour ses citoyens<\/em>\u00bb. Le Pape s\u2019est \u00e9galement dit \u00ab<em>proche des communaut\u00e9s chr\u00e9tiennes de la r\u00e9gion<\/em>\u00bb, priant pour qu\u2019elles puissent \u00ab<em>tisser des liens de fraternit\u00e9 et d\u2019amiti\u00e9<\/em>\u00bb.<\/p>\n\n\n\n<h2><strong>Pri\u00e8re pour les chr\u00e9tiens pers\u00e9cut\u00e9s<\/strong><\/h2>\n\n\n\n<p>L\u2019\u00e9v\u00eaque de Rome a enfin \u00e9voqu\u00e9 \u00ab<em>les peuples qui subissent des colonisations id\u00e9ologiques, culturelles et \u00e9conomiques en voyant viol\u00e9es leur libert\u00e9 et leur identit\u00e9<\/em>\u00bb, avant d\u2019adresser une pens\u00e9e sp\u00e9ciale \u00e0 tous les chr\u00e9tiens qui f\u00eatent No\u00ebl dans un contexte hostile, aux communaut\u00e9s minoritaires, parfois vuln\u00e9rables et non consid\u00e9r\u00e9es, priant pour qu&rsquo;elles puissent enfin jouir de tous leurs droits, \u00ab<em>surtout la libert\u00e9 religieuse<\/em>\u00bb.<\/p>\n\n\n\n<p>\u00ab<em>Que l\u2019Enfant petit et transi de froid que nous contemplons aujourd\u2019hui dans la mangeoire prot\u00e8ge tous les enfants de la terre ainsi que toute personne fragile, sans d\u00e9fense et marginalis\u00e9e<\/em>\u00bb. \u00ab<em>Puissions-nous tous recevoir la paix et le r\u00e9confort par la naissance du Sauveur et, en nous sentant aim\u00e9s par l\u2019unique P\u00e8re c\u00e9leste,&nbsp;<strong>nous retrouver et vivre comme des fr\u00e8res&nbsp;!<\/strong>\u00bb&nbsp;<\/em>a enfin conclu le Pape Fran\u00e7ois.<\/p>\n","protected":false},"excerpt":{"rendered":"<p>Dans son message \u00ab\u00e0 la ville et au monde\u00bb, le Souverain Pontife a lanc\u00e9 un vibrant appel \u00e0 la fraternit\u00e9 entre les hommes et les peuples. Le Saint-P\u00e8re a \u00e9galement pri\u00e9 pour la Terre&#46;&#46;&#46;<\/p>\n","protected":false},"author":1,"featured_media":480,"comment_status":"closed","ping_status":"open","sticky":false,"template":"","format":"standard","meta":[],"categories":[1],"tags":[],"_links":{"self":[{"href":"http:\/\/mjdc.be\/upsf\/wp-json\/wp\/v2\/posts\/479"}],"collection":[{"href":"http:\/\/mjdc.be\/upsf\/wp-json\/wp\/v2\/posts"}],"about":[{"href":"http:\/\/mjdc.be\/upsf\/wp-json\/wp\/v2\/types\/post"}],"author":[{"embeddable":true,"href":"http:\/\/mjdc.be\/upsf\/wp-json\/wp\/v2\/users\/1"}],"replies":[{"embeddable":true,"href":"http:\/\/mjdc.be\/upsf\/wp-json\/wp\/v2\/comments?post=479"}],"version-history":[{"count":1,"href":"http:\/\/mjdc.be\/upsf\/wp-json\/wp\/v2\/posts\/479\/revisions"}],"predecessor-version":[{"id":481,"href":"http:\/\/mjdc.be\/upsf\/wp-json\/wp\/v2\/posts\/479\/revisions\/481"}],"wp:featuredmedia":[{"embeddable":true,"href":"http:\/\/mjdc.be\/upsf\/wp-json\/wp\/v2\/media\/480"}],"wp:attachment":[{"href":"http:\/\/mjdc.be\/upsf\/wp-json\/wp\/v2\/media?parent=479"}],"wp:term":[{"taxonomy":"category","embeddable":true,"href":"http:\/\/mjdc.be\/upsf\/wp-json\/wp\/v2\/categories?post=479"},{"taxonomy":"post_tag","embeddable":true,"href":"http:\/\/mjdc.be\/upsf\/wp-json\/wp\/v2\/tags?post=479"}],"curies":[{"name":"wp","href":"https:\/\/api.w.org\/{rel}","templated":true}]}}